

{"id":1438,"date":"2022-03-18T12:18:39","date_gmt":"2022-03-18T11:18:39","guid":{"rendered":"https:\/\/iww.inria.fr\/sedgra\/?p=1438"},"modified":"2025-06-13T09:59:11","modified_gmt":"2025-06-13T07:59:11","slug":"hebergement-de-machines-en-f212","status":"publish","type":"post","link":"https:\/\/iww.inria.fr\/sedgra\/hebergement-de-machines-en-f212\/","title":{"rendered":"H\u00e9bergement de machines en F212"},"content":{"rendered":"<p><\/p>\n<h2>R\u00e8gles r\u00e9gissant l&rsquo;h\u00e9bergement en F212<\/h2>\n<h3><b>Objectifs<\/b><\/h3>\n<p>Les \u00e9quipes projets disposent parfois dans leurs bureaux de machines qui ne sont ni des postes de travail, ni des serveurs rackables : par exemple des ordinateurs \u00e0 l\u2018architecture sp\u00e9cifique, serveur NAS \u00ab\u00a0grand public\u00a0\u00bb, des prototypes, &#8230;<\/p>\n<p>Disposer de ce genre de mat\u00e9riel dans un bureau peut poser des probl\u00e8mes :<\/p>\n<ul>\n<li>n&rsquo;importe qui dans l&rsquo;\u00e9quipe peut manipuler la machine<\/li>\n<li>n&rsquo;importe qui peut \u00e9teindre malencontreusement un \u00e9quipement et risquer de perdre des donn\u00e9es importantes<\/li>\n<li>les bureaux ne proposent pas de la climatisation ad\u00e9quate<\/li>\n<li>les bureaux sont avant tout des lieux de travail et pas des mini salles machines.<\/li>\n<\/ul>\n<p>L\u2019offre actuelle sur le site de Montbonnot ne propose pas de solutions alternatives idoines.<br \/>\nEn effet, les salles g\u00e9r\u00e9es par la DSI ou sur le campus (notamment GRICAD) exigent un format sp\u00e9cial pour une mise en rack et des m\u00e9canismes de prise en main \u00e0 distance; la salle D101 est d\u00e9di\u00e9e \u00e0 l&rsquo;h\u00e9bergement des machines des startup, les acc\u00e8s peuvent \u00eatre incompatibles.<br \/>\nIl convient donc de leur proposer une solution qui garantisse:<\/p>\n<ul>\n<li>un acc\u00e8s physique s\u00e9curis\u00e9 (contr\u00f4le d \u2018acc\u00e8s par badge personnel)<\/li>\n<li>une climatisation (surveill\u00e9e)<\/li>\n<li>une alimentation \u00e9lectrique ma\u00eetris\u00e9e<\/li>\n<li>une protection incendie adapt\u00e9e<\/li>\n<li>des acc\u00e8s r\u00e9seau<\/li>\n<\/ul>\n<p>Aussi, le service SED propose l\u2018utilisation de la salle F212 pour cet usage.<\/p>\n<p>Cette salle a h\u00e9berg\u00e9 pendant 10 ans les machines des clusters Grid5000 et Grimage.<br \/>\nA partir de 2017, avec le renouvellement des clusters et l&rsquo;h\u00e9bergement sur le campus, la salle s&rsquo;est vid\u00e9e et est donc peu exploit\u00e9e: actuellement la salle h\u00e9berge uniquement un rack contenant une quinzaine de machines de l&rsquo;Equipex Kinovis (EPI Morpheo).<\/p>\n<h3><b>Dimensionnement<\/b><\/h3>\n<p>La cible est l\u2018h\u00e9bergement de quelques machines par \u00e9quipes projet, en ayant en t\u00eate qu&rsquo;il n&rsquo;est pas question de fournir une solution alternative \u00e0 l&rsquo;offre de calcul ou de stockage de la DSI.<\/p>\n<p>Le <strong>budget r\u00e9seau, de climatisation et \u00e9lectrique de la salle n&rsquo;a pas vocation \u00e0 augmenter<\/strong>.<\/p>\n<p>Important : <strong>Les capacit\u00e9s actuelles de la salle F212<\/strong> permettent d\u2019envisager l\u2019h\u00e9bergement d&rsquo;environ <strong>25 machines maximum<\/strong>.<\/p>\n<h3>Convention d\u2019h\u00e9bergement<\/h3>\n<ul>\n<li><strong>Arbitrage de l\u2018h\u00e9bergement (quelles machines, combien, o\u00f9, &#8230;) :<\/strong> Le responsable du service SED est responsable du contenu de cette salle et de l&rsquo;arbitrage des demandes d&rsquo;h\u00e9bergement.<\/li>\n<li><strong>La dur\u00e9e de l\u2018h\u00e9bergement :<\/strong> Elle est li\u00e9e \u00e0 la dur\u00e9e de la vie d&rsquo;un projet (exp\u00e9rimentation, collaboration) ou de l&rsquo;\u00e9quipe-projet Inria concern\u00e9e.<\/li>\n<li>Les aspects techniques concernant l&rsquo;h\u00e9bergement des machines (au niveau r\u00e9seau principalement) dans cette salle se fait en coordination avec la DSI.<\/li>\n<li><strong>Informations n\u00e9cessaires pour h\u00e9berger les machines :<\/strong>\n<ul>\n<li>Une proc\u00e9dure d\u2019arr\u00eat d\u2019urgence des machines : pour envisager toute op\u00e9ration express (coupure de courant, alerte incendie, &#8230;). Le mode op\u00e9ration importe peu, mais doit avoir \u00e9t\u00e9 convenu avec l\u2019EPI et pouvoir \u00eatre jou\u00e9 par un personnel technique (STG, SED, ou DSI).<\/li>\n<li>Le num\u00e9ro de s\u00e9rie des machines. L\u2019\u00e9tiquetage des \u00e9quipements rentre dans le cadre de l\u2019inventaire physique (et technique) du centre. Un inventaire dans GTPI pourrait \u00eatre envisag\u00e9 (par d\u00e9l\u00e9gation de la DSI au SED).<\/li>\n<li>Toute information sp\u00e9cifique qui pourrait avoir des incidences sur la capacit\u00e9 globale de la salle (ex : encombrement, sur-consommation \u00e9lectrique ou connectique r\u00e9seau particuli\u00e8re)<\/li>\n<\/ul>\n<\/li>\n<li><strong>Points de contact : <\/strong>Les r\u00e9f\u00e9rents SED de chaque \u00e9quipe ainsi qu&rsquo;un membre (permanent si possible) de l&rsquo;\u00e9quipe de recherche feront office de correspondants pour les machines h\u00e9berg\u00e9es (une liste de diffusion pourrait \u00eatre cr\u00e9\u00e9e \u00e0 cet effet). Ces correspondants seront responsables des op\u00e9rations (maintenance, arr\u00eat\/red\u00e9marrage) n\u00e9cessaires lors de la vie de la salle (pr\u00e9paration d\u2018une coupure \u00e9lectrique, par exemple).<\/li>\n<li><strong>Acc\u00e8s Physique \u00e0 la salle F212 :<\/strong> R\u00e9serv\u00e9 (par badge) aux correspondants (SED et EPI), RSED, SGT, et personnels DSI n\u00e9cessaires, sous r\u00e9serve <a href=\"https:\/\/iww.inria.fr\/sedgra\/mise-a-jour-des-chartes\/\">d&rsquo;avoir lu et sign\u00e9 la charte SED<\/a> d&rsquo;utilisation de cette salle, qui d\u00e9crit les probl\u00e9matique de s\u00e9curit\u00e9.<br \/>\nAucun cloisonnement n&rsquo;est pr\u00e9vu. Le travail sur site sur de larges p\u00e9riodes de temps n&rsquo;est pas pr\u00e9vu dans cette salle du fait du niveau sonore \u00e9lev\u00e9 et de la climatisation.<\/li>\n<\/ul>\n<p><\/p>","protected":false},"excerpt":{"rendered":"<p>R\u00e8gles r\u00e9gissant l&rsquo;h\u00e9bergement en F212 Objectifs Les \u00e9quipes projets disposent parfois dans leurs bureaux de machines qui ne sont ni des postes de travail, ni des serveurs rackables : par exemple des ordinateurs \u00e0 l\u2018architecture sp\u00e9cifique, serveur NAS \u00ab\u00a0grand public\u00a0\u00bb, des prototypes, &#8230; Disposer de ce genre de mat\u00e9riel dans\u2026<\/p>\n<p> <a class=\"continue-reading-link\" href=\"https:\/\/iww.inria.fr\/sedgra\/hebergement-de-machines-en-f212\/\"><span>Continue reading<\/span><i class=\"crycon-right-dir\"><\/i><\/a> <\/p>\n","protected":false},"author":2555,"featured_media":0,"comment_status":"closed","ping_status":"closed","sticky":true,"template":"","format":"standard","meta":{"footnotes":""},"categories":[16,19],"tags":[],"class_list":["post-1438","post","type-post","status-publish","format-standard","hentry","category-news","category-charte"],"_links":{"self":[{"href":"https:\/\/iww.inria.fr\/sedgra\/wp-json\/wp\/v2\/posts\/1438","targetHints":{"allow":["GET"]}}],"collection":[{"href":"https:\/\/iww.inria.fr\/sedgra\/wp-json\/wp\/v2\/posts"}],"about":[{"href":"https:\/\/iww.inria.fr\/sedgra\/wp-json\/wp\/v2\/types\/post"}],"author":[{"embeddable":true,"href":"https:\/\/iww.inria.fr\/sedgra\/wp-json\/wp\/v2\/users\/2555"}],"replies":[{"embeddable":true,"href":"https:\/\/iww.inria.fr\/sedgra\/wp-json\/wp\/v2\/comments?post=1438"}],"version-history":[{"count":31,"href":"https:\/\/iww.inria.fr\/sedgra\/wp-json\/wp\/v2\/posts\/1438\/revisions"}],"predecessor-version":[{"id":2267,"href":"https:\/\/iww.inria.fr\/sedgra\/wp-json\/wp\/v2\/posts\/1438\/revisions\/2267"}],"wp:attachment":[{"href":"https:\/\/iww.inria.fr\/sedgra\/wp-json\/wp\/v2\/media?parent=1438"}],"wp:term":[{"taxonomy":"category","embeddable":true,"href":"https:\/\/iww.inria.fr\/sedgra\/wp-json\/wp\/v2\/categories?post=1438"},{"taxonomy":"post_tag","embeddable":true,"href":"https:\/\/iww.inria.fr\/sedgra\/wp-json\/wp\/v2\/tags?post=1438"}],"curies":[{"name":"wp","href":"https:\/\/api.w.org\/{rel}","templated":true}]}}