


{"id":2803,"date":"2026-03-16T16:04:48","date_gmt":"2026-03-16T15:04:48","guid":{"rendered":"https:\/\/iww.inria.fr\/NanSciNum\/?p=2803"},"modified":"2026-03-24T10:12:14","modified_gmt":"2026-03-24T09:12:14","slug":"decouvrir-les-maths-et-linformatique-autrement-avec-math-en-jeans","status":"publish","type":"post","link":"https:\/\/iww.inria.fr\/NanSciNum\/decouvrir-les-maths-et-linformatique-autrement-avec-math-en-jeans\/","title":{"rendered":"D\u00e9couvrir les maths et l&rsquo;informatique autrement avec MATh.en.JEANS !"},"content":{"rendered":"\n<p><br><\/p>\n\n\n\n<figure class=\"wp-block-image size-large\"><a href=\"https:\/\/iww.inria.fr\/NanSciNum\/files\/2026\/03\/PXL_20250311_083757647-1-scaled.jpg\"><img loading=\"lazy\" decoding=\"async\" width=\"1024\" height=\"576\" src=\"https:\/\/iww.inria.fr\/NanSciNum\/files\/2026\/03\/PXL_20250311_083757647-1-1024x576.jpg\" alt=\"\" class=\"wp-image-2806\" srcset=\"https:\/\/iww.inria.fr\/NanSciNum\/files\/2026\/03\/PXL_20250311_083757647-1-1024x576.jpg 1024w, https:\/\/iww.inria.fr\/NanSciNum\/files\/2026\/03\/PXL_20250311_083757647-1-300x169.jpg 300w, https:\/\/iww.inria.fr\/NanSciNum\/files\/2026\/03\/PXL_20250311_083757647-1-768x432.jpg 768w, https:\/\/iww.inria.fr\/NanSciNum\/files\/2026\/03\/PXL_20250311_083757647-1-600x338.jpg 600w, https:\/\/iww.inria.fr\/NanSciNum\/files\/2026\/03\/PXL_20250311_083757647-1-1536x864.jpg 1536w, https:\/\/iww.inria.fr\/NanSciNum\/files\/2026\/03\/PXL_20250311_083757647-1-2048x1152.jpg 2048w, https:\/\/iww.inria.fr\/NanSciNum\/files\/2026\/03\/PXL_20250311_083757647-1-750x422.jpg 750w, https:\/\/iww.inria.fr\/NanSciNum\/files\/2026\/03\/PXL_20250311_083757647-1-1320x743.jpg 1320w\" sizes=\"auto, (max-width: 1024px) 100vw, 1024px\" \/><\/a><\/figure>\n\n\n\n<p><\/p>\n\n\n\n<p><strong>Comme tous les ans, depuis 17 ans, le Centre Inria de l\u2019Universit\u00e9 de Lorraine accueillera le lundi 23 mars une cinquantaine de coll\u00e9gien.nes et lyc\u00e9en.nes de Nancy et ses alentours ainsi que du Luxembourg dans le cadre du dispositif <a href=\"http:\/\/www.mathenjeans.fr\/\">MATh.en.JEANS<\/a>.<\/strong><\/p>\n\n\n\n<p>L\u2019objectif de MATh.en.JEANS est de d\u00e9velopper des actions de jumelage entre un scientifique et des \u00e9tablissements scolaires (coll\u00e8ges et lyc\u00e9es), afin de mettre les \u00e9l\u00e8ves en situation de recherche, pour leur donner une image vivante des math\u00e9matiques, autre que celle d\u2019une discipline scolaire s\u00e9lective.<\/p>\n\n\n\n<p>Cette journ\u00e9e du 23 mars sera l\u2019occasion de leur faire d\u00e9couvrir l\u2019environnement de travail des scientifiques qui ont accompagn\u00e9 leurs ateliers et de pr\u00e9senter leurs sujets de recherche math\u00e9matique avant leur \u00ab&nbsp;grand oral&nbsp;\u00bb lors du congr\u00e8s r\u00e9gional qui se tiendra du 4 au 6 mai \u00e0 Strasbourg cette ann\u00e9e.<\/p>\n\n\n\n<p>Cette journ\u00e9e d\u2019accueil sera riche en pr\u00e9sentations et animations scientifiques&nbsp;:<\/p>\n\n\n\n<ul class=\"wp-block-list\">\n<li>Un expos\u00e9 de Sam BIGEARD, ing\u00e9nieur de recherche Inria sur \u00ab\u00a0L&rsquo;IA et les langues\u00a0\u00bb ;<\/li>\n\n\n\n<li>Des ateliers d\u2019informatique d\u00e9branch\u00e9e (approche qui consiste \u00e0 appr\u00e9hender des concepts de science informatique par l\u2019utilisation d\u2019objets d\u00e9connect\u00e9s)&nbsp;avec&nbsp;Marie DUFLOT-KREMER, ma\u00eetre de conf\u00e9rences \u00e0 l\u2019Universit\u00e9 de Lorraine&nbsp;;<\/li>\n\n\n\n<li>Une animation \u00ab\u00a0g\u00e9om\u00e8tre \u00bb avec Aline KURTZMANN et Nicolas MARQUE de l\u2019Institut Elie Cartan de Lorraine, tous les 2 ma\u00eetres de conf\u00e9rences \u00e0 l\u2019Universit\u00e9 de Lorraine ;\u00a0<\/li>\n\n\n\n<li>La visite de 2 plateformes robotiques avec Olivier ROCHEL, ing\u00e9nieur Inria et Fabien CLANCHE, ing\u00e9nieur Universit\u00e9 de Lorraine&nbsp;;<\/li>\n\n\n\n<li>La d\u00e9couverte du jeu immersif <a href=\"https:\/\/iww.inria.fr\/NanSciNum\/inside\/\">Inside<\/a> avec Laurent PIERRON, ing\u00e9nieur Inria et V\u00e9ronique POIREL, charg\u00e9e de communication et m\u00e9diation Inria\u00a0;<\/li>\n\n\n\n<li>Une pr\u00e9sentation des \u00e9tudes et des m\u00e9tiers autour des math\u00e9matiques avec Aline KURTZMANN<br><\/li>\n<\/ul>\n\n\n\n<p>Les scientifiques du Centre Inria de l\u2019Universit\u00e9 de Lorraine et du laboratoire Loria sont tr\u00e8s investis depuis plusieurs ann\u00e9es dans ce dispositif, qui leur permet de faire pointer du doigt aux \u00e9l\u00e8ves que l\u2019informatique repose sur les math\u00e9matiques.<br><\/p>\n\n\n\n<p><\/p>\n","protected":false},"excerpt":{"rendered":"<p>Comme tous les ans, depuis 17 ans, le Centre Inria de l\u2019Universit\u00e9 de Lorraine accueillera le lundi 23 mars une cinquantaine de coll\u00e9gien.nes et lyc\u00e9en.nes de Nancy et ses alentours ainsi que du Luxembourg dans le cadre du dispositif MATh.en.JEANS. L\u2019objectif de MATh.en.JEANS est de d\u00e9velopper des actions de jumelage entre un scientifique et des &hellip; <\/p>\n<p><a class=\"more-link btn\" href=\"https:\/\/iww.inria.fr\/NanSciNum\/decouvrir-les-maths-et-linformatique-autrement-avec-math-en-jeans\/\">Lire la suite<\/a><\/p>\n","protected":false},"author":2713,"featured_media":2805,"comment_status":"closed","ping_status":"closed","sticky":false,"template":"","format":"standard","meta":{"footnotes":""},"categories":[15],"tags":[],"class_list":["post-2803","post","type-post","status-publish","format-standard","has-post-thumbnail","hentry","category-actualites","item-wrap"],"_links":{"self":[{"href":"https:\/\/iww.inria.fr\/NanSciNum\/wp-json\/wp\/v2\/posts\/2803","targetHints":{"allow":["GET"]}}],"collection":[{"href":"https:\/\/iww.inria.fr\/NanSciNum\/wp-json\/wp\/v2\/posts"}],"about":[{"href":"https:\/\/iww.inria.fr\/NanSciNum\/wp-json\/wp\/v2\/types\/post"}],"author":[{"embeddable":true,"href":"https:\/\/iww.inria.fr\/NanSciNum\/wp-json\/wp\/v2\/users\/2713"}],"replies":[{"embeddable":true,"href":"https:\/\/iww.inria.fr\/NanSciNum\/wp-json\/wp\/v2\/comments?post=2803"}],"version-history":[{"count":4,"href":"https:\/\/iww.inria.fr\/NanSciNum\/wp-json\/wp\/v2\/posts\/2803\/revisions"}],"predecessor-version":[{"id":2826,"href":"https:\/\/iww.inria.fr\/NanSciNum\/wp-json\/wp\/v2\/posts\/2803\/revisions\/2826"}],"wp:featuredmedia":[{"embeddable":true,"href":"https:\/\/iww.inria.fr\/NanSciNum\/wp-json\/wp\/v2\/media\/2805"}],"wp:attachment":[{"href":"https:\/\/iww.inria.fr\/NanSciNum\/wp-json\/wp\/v2\/media?parent=2803"}],"wp:term":[{"taxonomy":"category","embeddable":true,"href":"https:\/\/iww.inria.fr\/NanSciNum\/wp-json\/wp\/v2\/categories?post=2803"},{"taxonomy":"post_tag","embeddable":true,"href":"https:\/\/iww.inria.fr\/NanSciNum\/wp-json\/wp\/v2\/tags?post=2803"}],"curies":[{"name":"wp","href":"https:\/\/api.w.org\/{rel}","templated":true}]}}