


{"id":2706,"date":"2025-08-13T16:28:14","date_gmt":"2025-08-13T14:28:14","guid":{"rendered":"https:\/\/iww.inria.fr\/NanSciNum\/?p=2706"},"modified":"2025-10-06T11:30:23","modified_gmt":"2025-10-06T09:30:23","slug":"fete-de-la-science-2025-a-nancy-cap-sur-les-sciences-du-numerique","status":"publish","type":"post","link":"https:\/\/iww.inria.fr\/NanSciNum\/fete-de-la-science-2025-a-nancy-cap-sur-les-sciences-du-numerique\/","title":{"rendered":"F\u00eate de la Science 2025 \u00e0 Nancy : cap sur les sciences du num\u00e9rique !"},"content":{"rendered":"\n<p>A l&rsquo;occasion de la F\u00eate de la Science, le Centre Inria de l\u2019Universit\u00e9 de Lorraine et le Loria sont, cette ann\u00e9e encore, au rendez-vous avec une programmation riche et vari\u00e9e, autour des sciences du num\u00e9rique.<\/p>\n\n\n\n<p>Retrouvez nos scientifiques\u2026<\/p>\n\n\n\n<h3 class=\"wp-block-heading\">Vendredi 3 octobre \u2013 18 h \u00e0 22 h \u2013 MJC centre social Nomade (Vandoeuvre-l\u00e8s-Nancy)<\/h3>\n\n\n\n<p>&#8212; <strong>Quand l&rsquo;IA anticipe les <em>hackers<\/em><\/strong><\/p>\n\n\n\n<p>L\u2019IA ne se limite plus \u00e0 r\u00e9agir aux cyberattaques : elle les anticipe. \u00c0 travers deux sc\u00e9narios interactifs, r\u00e9fl\u00e9chissons aux enjeux de l\u2019IA en cybers\u00e9curit\u00e9 (technologiques, \u00e9thiques, soci\u00e9taux)&nbsp;:<\/p>\n\n\n\n<p>&#8211;&nbsp;Un agent intelligent explore un r\u00e9seau d\u2019appareils connect\u00e9s pour pr\u00e9dire des chemins d\u2019attaque vuln\u00e9rables critiques.<br>&#8211;&nbsp;Une IA est capable de g\u00e9n\u00e9rer automatiquement les commandes n\u00e9cessaires pour exploiter ces vuln\u00e9rabilit\u00e9s.<\/p>\n\n\n\n<ul class=\"wp-block-list\"><li>\u00c0 partir de 15 ans<\/li><li>Dur\u00e9e de l&rsquo;atelier : 15 \u00e0 20 minutes<\/li><li>Acc\u00e8s handicap<\/li><\/ul>\n\n\n\n<p><em>Anim\u00e9 par Franco Terranova<\/em> <em>et Mohamed Amine El Yagouby, doctorants \u00e0 Universit\u00e9 de Lorraine (\u00e9quipe-projet Resist, commune au CNRS, \u00e0 Inria et \u00e0 l&rsquo;Universit\u00e9 de Lorraine, au sein du Centre Inria de l&rsquo;Universit\u00e9 de Lorraine et du Loria)<\/em><\/p>\n\n\n\n<p>&#8212; <strong>Du bruit plein les oreilles<\/strong><\/p>\n\n\n\n<p>Une technologie permet d\u2019am\u00e9liorer significativement le son \u00e9mis par les aides auditives, offrant ainsi une meilleure qualit\u00e9 de vie aux personnes malentendantes. Il s\u2019agit d\u2019un algorithme qui supprime des interf\u00e9rences et qui rehausse la parole en temps r\u00e9el. Venez vivre une exp\u00e9rience sonore immersive gr\u00e2ce \u00e0 notre simulateur de pertes auditives !<\/p>\n\n\n\n<p><em>Public : d\u00e8s 6 an<\/em>s<\/p>\n\n\n\n<p><em>Anim\u00e9 par Romain Serizel, professeur \u00e0 l\u2019Universit\u00e9 de Lorraine<\/em> (\u00e9quipe-projet Multispeech, commune au CNRS, \u00e0 Inria et \u00e0 l&rsquo;Universit\u00e9 de Lorraine, au sein du Centre Inria de l&rsquo;Universit\u00e9 de Lorraine et du Loria)<\/p>\n\n\n\n<h4 class=\"wp-block-heading\">&#8212; <strong>\u00c0 la recherche de l&rsquo;IA perdue<\/strong>\u00a0(<em>escape game<\/em>)<br><\/h4>\n\n\n\n<p>Cinq \u00e9preuves pour comprendre, d\u00e9couvrir, s\u2019interroger sur les enjeux \u00e9thiques de l\u2019IA et esp\u00e9rer retrouver son corps d\u2019humain<\/p>\n\n\n\n<ul class=\"wp-block-list\"><li>\u00c0 partir de 11 ans<\/li><li>Dur\u00e9e : 1 h 15<\/li><li><a href=\"https:\/\/sukyn.itch.io\/les-chevaliers-du-quantique\">Plus d\u2019informations sur le jeu<\/a><\/li><\/ul>\n\n\n\n<p><em>Anim\u00e9 par Samuel Nowakowski, ma\u00eetre de conf\u00e9rences, Universit\u00e9 de Lorraine<\/em> (\u00e9quipe Bird du Loria)<\/p>\n\n\n\n<h3 class=\"wp-block-heading\">Samedi 4 octobre \u2013 \u00e0 partir de 13 h 30 (Bouxurulles)<\/h3>\n\n\n\n<p>&#8212; <strong>D\u00e9s et strat\u00e9gie<\/strong><\/p>\n\n\n\n<p>Viens jouer avec un ami \u00e0 un jeu de d\u00e9s dont la r\u00e8gle est tr\u00e8s simple, mais qui t&rsquo;am\u00e8nera \u00e0 r\u00e9fl\u00e9chir \u00e0 la meilleure strat\u00e9gie possible.<\/p>\n\n\n\n<p>Tout public<\/p>\n\n\n\n<p><em><em><em>Stand anim\u00e9 par Paul Zimmermann<\/em>, directeur de recherche Inria (\u00e9quipe-projet Caramba, commune au CNRS, \u00e0 Inria et \u00e0 l&rsquo;Universit\u00e9 de Lorraine, au sein du Centre Inria de l&rsquo;Universit\u00e9 de Lorraine et du Loria)<\/em><\/em><\/p>\n\n\n\n<h3 class=\"wp-block-heading\">Lundi 6 octobre \u2013 20 h (Bouxurulles)<\/h3>\n\n\n\n<p><strong>Comprendre l&rsquo;IA<\/strong><\/p>\n\n\n\n<p>Conf\u00e9rence pour d\u00e9mystifier l\u2019IA et mieux comprendre l\u2019impact de cette technologie sur nos vies quotidiennes. \u201d D\u2019o\u00f9 vient-elle, comment fonctionne-t-elle\u2026 Et jusqu\u2019o\u00f9 peut-elle aller ? Une conf\u00e9rence captivante pour percer les myst\u00e8res de l\u2019IA sans jargon ! \u201c<\/p>\n\n\n\n<p><em>Anim\u00e9e\u00a0par Yannick Parmentier (\u00e9quipe Synalp du Loria)<\/em><\/p>\n\n\n\n<h3 class=\"wp-block-heading\">Jeudi 9 octobre &#8211; IUT de Saint-Di\u00e9 des Vosges<\/h3>\n\n\n\n<p>&#8212; <strong>Reconnaissance automatique d\u2019Ast\u00e9rix et Ob\u00e9lix<\/strong><\/p>\n\n\n\n<p>De plus en plus de syst\u00e8mes utilisent de l&rsquo;intelligence artificielle bas\u00e9e sur de l&rsquo;apprentissage par r\u00e9seaux de neurones (<em>chatGPT<\/em>, v\u00e9hicules autonomes, assistant vocal,&#8230;). Lors de cet atelier, tu pourras d\u00e9crypter la recette de la potion magique&#8230; et faire automatiquement la diff\u00e9rence entre les personnages 3D d&rsquo;Ast\u00e9rix et Ob\u00e9lix !<\/p>\n\n\n\n<ul class=\"wp-block-list\"><li>Public : lyc\u00e9es, coll\u00e8ges et \u00e9coles primaires de Saint-Di\u00e9<\/li><\/ul>\n\n\n\n<p><em><em>Stand anim\u00e9 par Pierre-Fr\u00e9d\u00e9ric Villard<\/em>, ma\u00eetre de conf\u00e9rences \u00e0 l&rsquo;Universit\u00e9 de Lorraine (\u00e9quipe-projet Tangram, commune au CNRS, \u00e0 Inria et \u00e0 l&rsquo;Universit\u00e9 de Lorraine, au sein du Centre Inria de l&rsquo;Universit\u00e9 de Lorraine et du Loria)<\/em><\/p>\n\n\n\n<h3 class=\"wp-block-heading\">Vendredi 10 octobre (9 h \u2013 16 h pour les scolaires) et samedi 11 octobre (13 h &#8211; 18 h pour le grand public)\u2013 Village des sciences de la Facult\u00e9 des Sciences et Technologies \u00e0 Vandoeuvre-l\u00e8s-Nancy<\/h3>\n\n\n\n<h4 class=\"wp-block-heading\">&#8212; <strong>Quand l&rsquo;IA anticipe les <em>hackers<\/em><\/strong><\/h4>\n\n\n\n<p>L\u2019IA ne se limite plus \u00e0 r\u00e9agir aux cyberattaques : elle les anticipe. \u00c0 travers deux sc\u00e9narios interactifs, r\u00e9fl\u00e9chissons aux enjeux de l\u2019IA en cybers\u00e9curit\u00e9 (technologiques, \u00e9thiques, soci\u00e9taux)&nbsp;:<\/p>\n\n\n\n<p>&#8211;&nbsp;Un agent intelligent explore un r\u00e9seau d\u2019appareils connect\u00e9s pour pr\u00e9dire des chemins d\u2019attaque vuln\u00e9rables critiques.<br>&#8211;&nbsp;Une IA est capable de g\u00e9n\u00e9rer automatiquement les commandes n\u00e9cessaires pour exploiter ces vuln\u00e9rabilit\u00e9s.<\/p>\n\n\n\n<ul class=\"wp-block-list\"><li>\u00c0 partir de 15 ans<\/li><li>Dur\u00e9e de l&rsquo;atelier : 15 \u00e0 20 minutes<\/li><li>Acc\u00e8s handicap<\/li><\/ul>\n\n\n\n<p><em><em>Stand anim\u00e9 par Franco Terranova<\/em>, Mohamed Amine El Yagouby et Jhon Sebastian Rojas Rodriguez, doctorants \u00e0 l&rsquo;Universit\u00e9 de Lorraine (\u00e9quipe-projet Resist, commune au CNRS, \u00e0 Inria et \u00e0 l&rsquo;Universit\u00e9 de Lorraine, au sein du Centre Inria de l&rsquo;Universit\u00e9 de Lorraine et du Loria)<\/em><\/p>\n\n\n\n<h4 class=\"wp-block-heading\">&#8212; <strong>\u00c0 la recherche de l&rsquo;IA perdue<\/strong>\u00a0(<em>escape game<\/em>)<\/h4>\n\n\n\n<p><br>Cinq \u00e9preuves pour comprendre, d\u00e9couvrir, s\u2019interroger sur les enjeux \u00e9thiques de l\u2019IA et esp\u00e9rer retrouver son corps d\u2019humain<\/p>\n\n\n\n<ul class=\"wp-block-list\"><li>\u00c0 partir de 11 ans<\/li><li>Dur\u00e9e : 1 h 15<\/li><li><a href=\"https:\/\/sukyn.itch.io\/les-chevaliers-du-quantique\">Plus d\u2019informations sur le jeu<\/a><\/li><\/ul>\n\n\n\n<p><em>Stand anim\u00e9 par Samuel Nowakowski, ma\u00eetre de conf\u00e9rences, Universit\u00e9 de Lorraine<\/em> (\u00e9quipe Bird du Loria)<\/p>\n\n\n\n<h4 class=\"wp-block-heading\">&#8212; <strong>Comment r\u00e9aliser un dessin avec un crayon fin ? Les courbes remplissantes \u00e0 la rescousse !<\/strong><\/h4>\n\n\n\n<p>En math\u00e9matiques, il est av\u00e9r\u00e9 que les lignes n\u2019ont pas d\u2019\u00e9paisseur. En effet, colorier avec un crayon fin prend beaucoup plus de temps qu\u2019avec un crayon \u00e9pais ! Gr\u00e2ce aux courbes remplissantes, on peut remplir totalement une surface, par exemple trouver une courbe qui colorie compl\u00e8tement un carr\u00e9. Dans cet atelier, on invitera le public \u00e0 pratiquer ces th\u00e9ories <em>via<\/em> le dessin et l\u2019exploration d\u2019objets tangibles, mais aussi \u00e0 d\u00e9couvrir les applications des courbes remplissantes, par exemple dans le domaine de l\u2019impression 3D.<\/p>\n\n\n\n<p><em>Public : d\u00e8s 6 ans<\/em><\/p>\n\n\n\n<p><em>Stand anim\u00e9 par Laurent Dupont, ma\u00eetre de conf\u00e9rences Universit\u00e9 de Lorraine, Dorian Perrot, doctorant <em>Universit\u00e9 de Lorraine<\/em><\/em>, <em>Paul R\u00e9my, stagiaire <em>Universit\u00e9 de Lorraine<\/em> et Marc Pouget, charg\u00e9 de recherches Inria (\u00e9quipe-projet Gamble, commune au CNRS, \u00e0 Inria et \u00e0 l&rsquo;Universit\u00e9 de Lorraine, au sein du Centre Inria de l&rsquo;Universit\u00e9 de Lorraine et du Loria) <\/em><\/p>\n\n\n\n<h4 class=\"wp-block-heading\">&#8212; <strong>L&rsquo;intelligence artificielle au service du son<\/strong><\/h4>\n\n\n\n<p>Une exp\u00e9rience immersive pour mieux comprendre les contours du son et du traitement sonore.<\/p>\n\n\n\n<p>Une technologie permet d\u2019am\u00e9liorer significativement le son \u00e9mis par les aides auditives, offrant ainsi une meilleure qualit\u00e9 de vie aux personnes malentendantes. Il s\u2019agit d\u2019un algorithme qui supprime des interf\u00e9rences et qui rehausse la parole en temps r\u00e9el. Venez vivre une exp\u00e9rience sonore immersive gr\u00e2ce \u00e0 notre simulateur de pertes auditives !<\/p>\n\n\n\n<p><em>Public : d\u00e8s 6 an<\/em>s<\/p>\n\n\n\n<p><em>Stand anim\u00e9 par Romain Serizel, professeur \u00e0 l\u2019Universit\u00e9 de Lorraine<\/em> (\u00e9quipe-projet Multispeech, commune au CNRS, \u00e0 Inria et \u00e0 l&rsquo;Universit\u00e9 de Lorraine, au sein du Centre Inria de l&rsquo;Universit\u00e9 de Lorraine et du Loria)<\/p>\n\n\n\n<h4 class=\"wp-block-heading\">&#8212; <strong>Les chevaliers du quantique : d\u00e9fiez les circuits<\/strong><\/h4>\n\n\n\n<p>&#8211; Jeu vid\u00e9o en libre acc\u00e8s&nbsp;: simplifiez un circuit quantique pour vaincre une arm\u00e9e&nbsp;!&nbsp;Chaque soldat correspond \u00e0 une porte logique quantique, le joueur les \u00e9limine gr\u00e2ce \u00e0 de v\u00e9ritables r\u00e8gles math\u00e9matiques.<\/p>\n\n\n\n<p>&#8211;&nbsp;&nbsp;Un atelier avec des tuiles pour r\u00e9soudre des d\u00e9fis inspir\u00e9s du jeu vid\u00e9o. Apprenez les op\u00e9rations sur les qubits et simplifiez un circuit quantique&nbsp;!<\/p>\n\n\n\n<ul class=\"wp-block-list\"><li>\u00c0 partir de 11 ans<\/li><li><a href=\"https:\/\/sukyn.itch.io\/les-chevaliers-du-quantique\">Plus d\u2019informations sur le jeu<\/a><\/li><\/ul>\n\n\n\n<p><em>Stand anim\u00e9 par Colin Blake, doctorant (\u00e9quipe-projet Mocqua, commune au CNRS, \u00e0 Inria et \u00e0 l&rsquo;Universit\u00e9 de Lorraine, au sein du Centre Inria de l&rsquo;Universit\u00e9 de Lorraine et du Loria)<\/em><\/p>\n\n\n\n<p>&#8212; <strong>Rends un robot autonome !<\/strong><\/p>\n\n\n\n<p>Venez d\u00e9couvrir les robots<em> Thymio 2<\/em> ! Les plus jeunes pourront interagir avec eux pour accomplir de nombreuses t\u00e2ches. Les plus grands pourront les programmer pour des t\u00e2ches plus complexes gr\u00e2ce \u00e0 des interfaces intuitives et graphiques (<em>Scratch<\/em> ou m\u00eame plus simple). Et vous pourrez aussi apprendre leur langage.<\/p>\n\n\n\n<p><em>Public : d\u00e8s 6 ans<\/em><\/p>\n\n\n\n<p><em>Stand anim\u00e9 par Alexis Scheuer, ma\u00eetre de conf\u00e9rences \u00e0 l\u2019Universit\u00e9 de Lorraine<\/em> (\u00e9quipe-projet Larsen, commune au CNRS, \u00e0 Inria et \u00e0 l&rsquo;Universit\u00e9 de Lorraine, au sein du Centre Inria de l&rsquo;Universit\u00e9 de Lorraine et du Loria)<\/p>\n\n\n\n<p>&#8212; <strong>Intelligence humaine vs machine : allez-vous gagner ?<\/strong><\/p>\n\n\n\n<p>Au travers d&rsquo;activit\u00e9s ludiques et sans ordinateur, venez confronter votre intelligence \u00e0 un algorithme. Essayez de battre une machine \u00e0 un jeu de strat\u00e9gie, de d\u00e9couvrir le \u00ab\u00a0truc\u00a0\u00bb d&rsquo;un tour de magie informatique ou d&rsquo;incarner les neurones d&rsquo;un r\u00e9seau.<\/p>\n\n\n\n<p><em>Public : d\u00e8s 6 ans<\/em><\/p>\n\n\n\n<p><em>Stand anim\u00e9 par Marie Duflot-Kremer, ma\u00eetresse de conf\u00e9rences \u00e0 l\u2019Universit\u00e9 de Lorraine<\/em> (\u00e9quipe-projet VeriDis, commune au CNRS, \u00e0 Inria et \u00e0 l&rsquo;Universit\u00e9 de Lorraine, au sein du Centre Inria de l&rsquo;Universit\u00e9 de Lorraine et du Loria)<\/p>\n\n\n\n<h3 class=\"wp-block-heading\">Samedi 11 octobre (13 h 30 \u2013 15 h 30) &#8211; <strong>Amphith\u00e9\u00e2tre 5 \u2013 Atrium, B\u00e2timent Victor Grignard<\/strong> &#8211; Facult\u00e9 des Sciences et Technologies \u00e0 Vandoeuvre-l\u00e8s-Nancy<\/h3>\n\n\n\n<p><strong>Projection-d\u00e9bat \u00ab\u00a0Des machines intelligentes aux machines pensantes\u00a0\u00bb<\/strong><\/p>\n\n\n\n<p>Anim\u00e9e par Alain Dutech, chercheur Inria, et Nicolas Dupuy, docteur en physico-chimie mol\u00e9culaire.<\/p>\n\n\n\n<p>Cet \u00e9v\u00e9nement s&rsquo;adresse aux passionn\u00e9s de science-fiction ou simples curieux, pour \u00e9changer et r\u00e9fl\u00e9chir autour de la place des intelligences artificielles et des robots dans notre quotidien comme dans nos imaginaires.<\/p>\n\n\n\n<p><a href=\"https:\/\/iww.inria.fr\/NanSciNum\/projection-debat\/\" data-type=\"URL\" data-id=\"https:\/\/iww.inria.fr\/NanSciNum\/projection-debat\/\">Plus d&rsquo;infos sur cette projection-d\u00e9bat<\/a><\/p>\n","protected":false},"excerpt":{"rendered":"<p>A l&rsquo;occasion de la F\u00eate de la Science, le Centre Inria de l\u2019Universit\u00e9 de Lorraine et le Loria sont, cette ann\u00e9e encore, au rendez-vous avec une programmation riche et vari\u00e9e, autour des sciences du num\u00e9rique. Retrouvez nos scientifiques\u2026 Vendredi 3 octobre \u2013 18 h \u00e0 22 h \u2013 MJC centre social Nomade (Vandoeuvre-l\u00e8s-Nancy) &#8212; Quand &hellip; <\/p>\n<p><a class=\"more-link btn\" href=\"https:\/\/iww.inria.fr\/NanSciNum\/fete-de-la-science-2025-a-nancy-cap-sur-les-sciences-du-numerique\/\">Lire la suite<\/a><\/p>\n","protected":false},"author":624,"featured_media":2735,"comment_status":"closed","ping_status":"closed","sticky":false,"template":"","format":"standard","meta":{"footnotes":""},"categories":[15],"tags":[],"class_list":["post-2706","post","type-post","status-publish","format-standard","has-post-thumbnail","hentry","category-actualites","item-wrap"],"_links":{"self":[{"href":"https:\/\/iww.inria.fr\/NanSciNum\/wp-json\/wp\/v2\/posts\/2706","targetHints":{"allow":["GET"]}}],"collection":[{"href":"https:\/\/iww.inria.fr\/NanSciNum\/wp-json\/wp\/v2\/posts"}],"about":[{"href":"https:\/\/iww.inria.fr\/NanSciNum\/wp-json\/wp\/v2\/types\/post"}],"author":[{"embeddable":true,"href":"https:\/\/iww.inria.fr\/NanSciNum\/wp-json\/wp\/v2\/users\/624"}],"replies":[{"embeddable":true,"href":"https:\/\/iww.inria.fr\/NanSciNum\/wp-json\/wp\/v2\/comments?post=2706"}],"version-history":[{"count":24,"href":"https:\/\/iww.inria.fr\/NanSciNum\/wp-json\/wp\/v2\/posts\/2706\/revisions"}],"predecessor-version":[{"id":2780,"href":"https:\/\/iww.inria.fr\/NanSciNum\/wp-json\/wp\/v2\/posts\/2706\/revisions\/2780"}],"wp:featuredmedia":[{"embeddable":true,"href":"https:\/\/iww.inria.fr\/NanSciNum\/wp-json\/wp\/v2\/media\/2735"}],"wp:attachment":[{"href":"https:\/\/iww.inria.fr\/NanSciNum\/wp-json\/wp\/v2\/media?parent=2706"}],"wp:term":[{"taxonomy":"category","embeddable":true,"href":"https:\/\/iww.inria.fr\/NanSciNum\/wp-json\/wp\/v2\/categories?post=2706"},{"taxonomy":"post_tag","embeddable":true,"href":"https:\/\/iww.inria.fr\/NanSciNum\/wp-json\/wp\/v2\/tags?post=2706"}],"curies":[{"name":"wp","href":"https:\/\/api.w.org\/{rel}","templated":true}]}}