


{"id":2132,"date":"2023-02-23T10:18:00","date_gmt":"2023-02-23T09:18:00","guid":{"rendered":"https:\/\/iww.inria.fr\/NanSciNum\/?p=2132"},"modified":"2023-04-23T10:22:53","modified_gmt":"2023-04-23T08:22:53","slug":"en-route-vers-la-finale-regionale-du-concours-mt180-sec","status":"publish","type":"post","link":"https:\/\/iww.inria.fr\/NanSciNum\/en-route-vers-la-finale-regionale-du-concours-mt180-sec\/","title":{"rendered":"En route vers la finale r\u00e9gionale du concours MT180 sec !"},"content":{"rendered":"\n<p>Rendez-vous le jeudi&nbsp;2 mars 2022 \u00e0&nbsp;18h au Centre Prouv\u00e9 \u00e0 Nancy pour la finale r\u00e9gionale de&nbsp;<em>Ma Th\u00e8se en 180 secondes<\/em>&nbsp;de l&rsquo;Universit\u00e9 de Lorraine !<\/p>\n\n\n\n<p>Ils sont 11 finalistes et ont \u00e0 c\u0153ur de partager leurs recherches. Accompagn\u00e9s par des m\u00e9diateurs et des com\u00e9diens, ils ont \u00e9t\u00e9 s\u00e9lectionn\u00e9s pour leur cr\u00e9ativit\u00e9, leur aisance sur sc\u00e8ne et l\u2019accessibilit\u00e9 de leur discours. Le concours&nbsp;<em>Ma th\u00e8se en 180 secondes<\/em>&nbsp;leur lance le d\u00e9fi de monter sur sc\u00e8ne et de pr\u00e9senter en 3 minutes leurs travaux de recherche.<\/p>\n\n\n\n<p>Parmi ces finalistes, nous avons le plaisir de retrouver&nbsp;<a href=\"https:\/\/factuel.univ-lorraine.fr\/node\/22392\">Anouk Rago<\/a>, doctorante de l&rsquo;\u00e9quipe Bigs (Inria IECL) et&nbsp;<a href=\"https:\/\/factuel.univ-lorraine.fr\/node\/22391\">C\u00e9lina Treuillier<\/a>, doctorante de l&rsquo;\u00e9quipe Kiwi (Loria).<\/p>\n\n\n\n<p><strong>Toutes nos f\u00e9licitations \ud83d\ude42<\/strong><\/p>\n\n\n\n<p>En attendant de d\u00e9couvrir les prestations des candidats, plongez dans leur quotidien gr\u00e2ce \u00e0 cette\u00a0<a href=\"https:\/\/www.youtube.com\/playlist?list=PLBrz7p0g2bck4Vza0PCjhtTME2mW0jZKl\">s\u00e9rie vid\u00e9o<\/a>.<\/p>\n\n\n\n<p><strong><a href=\"https:\/\/www.eventbrite.fr\/e\/billets-ma-these-en-180-secondes-finale-de-luniversite-de-lorraine-525405390667\">Inscrivez-vous d\u00e8s maintenant \u00e0 l&rsquo;\u00e9v\u00e9nement !<\/a>\u00a0\u00a0Inscription gratuite mais obligatoire.<\/strong><\/p>\n","protected":false},"excerpt":{"rendered":"<p>Rendez-vous le jeudi&nbsp;2 mars 2022 \u00e0&nbsp;18h au Centre Prouv\u00e9 \u00e0 Nancy pour la finale r\u00e9gionale de&nbsp;Ma Th\u00e8se en 180 secondes&nbsp;de l&rsquo;Universit\u00e9 de Lorraine ! Ils sont 11 finalistes et ont \u00e0 c\u0153ur de partager leurs recherches. Accompagn\u00e9s par des m\u00e9diateurs et des com\u00e9diens, ils ont \u00e9t\u00e9 s\u00e9lectionn\u00e9s pour leur cr\u00e9ativit\u00e9, leur aisance sur sc\u00e8ne et &hellip; <\/p>\n<p><a class=\"more-link btn\" href=\"https:\/\/iww.inria.fr\/NanSciNum\/en-route-vers-la-finale-regionale-du-concours-mt180-sec\/\">Lire la suite<\/a><\/p>\n","protected":false},"author":2713,"featured_media":0,"comment_status":"open","ping_status":"closed","sticky":false,"template":"","format":"standard","meta":{"footnotes":""},"categories":[15],"tags":[],"class_list":["post-2132","post","type-post","status-publish","format-standard","hentry","category-actualites","item-wrap"],"_links":{"self":[{"href":"https:\/\/iww.inria.fr\/NanSciNum\/wp-json\/wp\/v2\/posts\/2132","targetHints":{"allow":["GET"]}}],"collection":[{"href":"https:\/\/iww.inria.fr\/NanSciNum\/wp-json\/wp\/v2\/posts"}],"about":[{"href":"https:\/\/iww.inria.fr\/NanSciNum\/wp-json\/wp\/v2\/types\/post"}],"author":[{"embeddable":true,"href":"https:\/\/iww.inria.fr\/NanSciNum\/wp-json\/wp\/v2\/users\/2713"}],"replies":[{"embeddable":true,"href":"https:\/\/iww.inria.fr\/NanSciNum\/wp-json\/wp\/v2\/comments?post=2132"}],"version-history":[{"count":1,"href":"https:\/\/iww.inria.fr\/NanSciNum\/wp-json\/wp\/v2\/posts\/2132\/revisions"}],"predecessor-version":[{"id":2134,"href":"https:\/\/iww.inria.fr\/NanSciNum\/wp-json\/wp\/v2\/posts\/2132\/revisions\/2134"}],"wp:attachment":[{"href":"https:\/\/iww.inria.fr\/NanSciNum\/wp-json\/wp\/v2\/media?parent=2132"}],"wp:term":[{"taxonomy":"category","embeddable":true,"href":"https:\/\/iww.inria.fr\/NanSciNum\/wp-json\/wp\/v2\/categories?post=2132"},{"taxonomy":"post_tag","embeddable":true,"href":"https:\/\/iww.inria.fr\/NanSciNum\/wp-json\/wp\/v2\/tags?post=2132"}],"curies":[{"name":"wp","href":"https:\/\/api.w.org\/{rel}","templated":true}]}}