


{"id":1717,"date":"2016-05-12T09:33:23","date_gmt":"2016-05-12T07:33:23","guid":{"rendered":"https:\/\/iww.inria.fr\/NanSciNum\/?p=1717"},"modified":"2016-05-12T09:33:23","modified_gmt":"2016-05-12T07:33:23","slug":"au-coeur-dalzheimer-comment-les-proteines-sagregent-elles-les-maths-a-la-rescousse","status":"publish","type":"post","link":"https:\/\/iww.inria.fr\/NanSciNum\/au-coeur-dalzheimer-comment-les-proteines-sagregent-elles-les-maths-a-la-rescousse\/","title":{"rendered":"Au coeur d&rsquo;Alzheimer, comment les prot\u00e9ines s&rsquo;agr\u00e8gent-elles ? Les maths \u00e0 la rescousse"},"content":{"rendered":"<p>A l&rsquo;origine de nombreuses maladies neuro-d\u00e9g\u00e9n\u00e9ratives, comme Alzheimer, Parkinson, ou encore la maladie de la vache folle, on retrouve un m\u00e9canisme identique: l&rsquo;agr\u00e9gation anormale de prot\u00e9ines, qui s&rsquo;attachent les unes aux autres pour former des plaques ou des fibres tr\u00e8s grandes.\u00a0Comment et pourquoi cette agr\u00e9gation se produit-elle ? Comment pourrait-on agir efficacement sur elle? C&rsquo;est avec\u00a0des outils math\u00e9matiques et en rapprochant les exp\u00e9riences et les simulations que serons\u00a0explor\u00e9s plusieurs aspects de ces questions essentielles.<\/p>\n<p>Rendez-vous le <span id=\"OBJ_PREFIX_DWT1131_com_zimbra_date\" class=\"Object\"><span id=\"OBJ_PREFIX_DWT1132_com_zimbra_date\" class=\"Object\"><span id=\"OBJ_PREFIX_DWT1134_com_zimbra_date\" class=\"Object\">jeudi 26<\/span><\/span><\/span>\u00a0mai prochain \u00e0 20 h 30 dans l\u2019amphi Bott\u00e9 de l\u2019IUT Nancy-Charlemagne avec <a href=\"https:\/\/www.rocq.inria.fr\/bang\/Marie-Doumic\/\">Marie Doumic<\/a>, ing\u00e9nieure en Chef des Ponts et Chauss\u00e9es et responsable de l&rsquo;\u00e9quipe <span id=\"OBJ_PREFIX_DWT269_com_zimbra_url\" class=\"Object\"><span id=\"OBJ_PREFIX_DWT271_com_zimbra_url\" class=\"Object\"><a href=\"http:\/\/www.inria.fr\/equipes\/mamba\" target=\"_blank\">MAMBA<\/a>,\u00a0<\/span><\/span>d&rsquo;<a href=\"http:\/\/www.inria.fr\/centre\/paris\" target=\"_blank\">Inria Paris Rocquencourt<\/a>.<\/p>\n<p>Cette conf\u00e9rence a lieu dans le cadre des\u00a0conf\u00e9rences \u00ab\u00a0Sciences et soci\u00e9t\u00e9\u00a0\u00bb, organis\u00e9es par l\u2019IUT Nancy Charlemagne, l\u2019<a href=\"http:\/\/iecl.univ-lorraine.fr\/\">IECL<\/a>\u00a0et la\u00a0<a href=\"http:\/\/www.fr-hermite.univ-lorraine.fr\/\">F\u00e9d\u00e9ration Charles Hermite<\/a>, avec le soutien de l\u2019<a href=\"http:\/\/univ-lorraine.fr\/\">Universit\u00e9 de Lorraine<\/a>, la\u00a0<a href=\"http:\/\/www.lorraine.fr\/sites\/www\/accueil.html\">R\u00e9gion Lorraine<\/a>,\u00a0<a href=\"http:\/\/www.inria.fr\/centre\/nancy\">Inria Nancy \u2013 Grand Est<\/a>\u00a0et\u00a0<a href=\"http:\/\/www.capmaths.fr\/\">Cap\u2019Maths<\/a>.<\/p>\n","protected":false},"excerpt":{"rendered":"<p>A l&rsquo;origine de nombreuses maladies neuro-d\u00e9g\u00e9n\u00e9ratives, comme Alzheimer, Parkinson, ou encore la maladie de la vache folle, on retrouve un m\u00e9canisme identique: l&rsquo;agr\u00e9gation anormale de prot\u00e9ines, qui s&rsquo;attachent les unes aux autres pour former des plaques ou des fibres tr\u00e8s grandes.\u00a0Comment et pourquoi cette agr\u00e9gation se produit-elle ? Comment pourrait-on agir efficacement sur elle? C&rsquo;est &hellip; <\/p>\n<p><a class=\"more-link btn\" href=\"https:\/\/iww.inria.fr\/NanSciNum\/au-coeur-dalzheimer-comment-les-proteines-sagregent-elles-les-maths-a-la-rescousse\/\">Lire la suite<\/a><\/p>\n","protected":false},"author":624,"featured_media":1718,"comment_status":"open","ping_status":"closed","sticky":false,"template":"","format":"standard","meta":{"footnotes":""},"categories":[71,10,53],"tags":[50,52,21,68],"class_list":["post-1717","post","type-post","status-publish","format-standard","has-post-thumbnail","hentry","category-conference-2","category-pour-les-lyceens","category-pour-les-profs","tag-conference","tag-iecl","tag-inria","tag-mathematiques","item-wrap"],"_links":{"self":[{"href":"https:\/\/iww.inria.fr\/NanSciNum\/wp-json\/wp\/v2\/posts\/1717","targetHints":{"allow":["GET"]}}],"collection":[{"href":"https:\/\/iww.inria.fr\/NanSciNum\/wp-json\/wp\/v2\/posts"}],"about":[{"href":"https:\/\/iww.inria.fr\/NanSciNum\/wp-json\/wp\/v2\/types\/post"}],"author":[{"embeddable":true,"href":"https:\/\/iww.inria.fr\/NanSciNum\/wp-json\/wp\/v2\/users\/624"}],"replies":[{"embeddable":true,"href":"https:\/\/iww.inria.fr\/NanSciNum\/wp-json\/wp\/v2\/comments?post=1717"}],"version-history":[{"count":1,"href":"https:\/\/iww.inria.fr\/NanSciNum\/wp-json\/wp\/v2\/posts\/1717\/revisions"}],"predecessor-version":[{"id":1719,"href":"https:\/\/iww.inria.fr\/NanSciNum\/wp-json\/wp\/v2\/posts\/1717\/revisions\/1719"}],"wp:featuredmedia":[{"embeddable":true,"href":"https:\/\/iww.inria.fr\/NanSciNum\/wp-json\/wp\/v2\/media\/1718"}],"wp:attachment":[{"href":"https:\/\/iww.inria.fr\/NanSciNum\/wp-json\/wp\/v2\/media?parent=1717"}],"wp:term":[{"taxonomy":"category","embeddable":true,"href":"https:\/\/iww.inria.fr\/NanSciNum\/wp-json\/wp\/v2\/categories?post=1717"},{"taxonomy":"post_tag","embeddable":true,"href":"https:\/\/iww.inria.fr\/NanSciNum\/wp-json\/wp\/v2\/tags?post=1717"}],"curies":[{"name":"wp","href":"https:\/\/api.w.org\/{rel}","templated":true}]}}