


{"id":1600,"date":"2015-09-03T17:25:03","date_gmt":"2015-09-03T15:25:03","guid":{"rendered":"https:\/\/iww.inria.fr\/NanSciNum\/?p=1600"},"modified":"2015-09-11T13:59:53","modified_gmt":"2015-09-11T11:59:53","slug":"culture-scientifique-en-lorraine-souriez-cest-la-rentree","status":"publish","type":"post","link":"https:\/\/iww.inria.fr\/NanSciNum\/culture-scientifique-en-lorraine-souriez-cest-la-rentree\/","title":{"rendered":"Culture scientifique en Lorraine : souriez, c&rsquo;est la rentr\u00e9e !"},"content":{"rendered":"<p><span class=\"field-content\"><span class=\"field-content\"><strong><span id=\"OBJ_PREFIX_DWT877_com_zimbra_date\" class=\"Object\"><span id=\"OBJ_PREFIX_DWT908_com_zimbra_date\" class=\"Object\">La\u00a0culture scientifique fait elle aussi sa rentr\u00e9e en Lorraine et il y en a pour tous les go\u00fbts et tous les publics : profanes, curieux de science, scolaires, familles,\u00a0citoyens,\u2026\u00a0!<\/span><\/span><span id=\"OBJ_PREFIX_DWT877_com_zimbra_date\" class=\"Object\"><span id=\"OBJ_PREFIX_DWT908_com_zimbra_date\" class=\"Object\"> Voici donc q<\/span><\/span><\/strong><\/span><\/span><strong>uelques dates et manifestations \u00e0 retenir\u2026<\/strong><\/p>\n<blockquote><p><strong>Les sciences sur la Place<\/strong><\/p><\/blockquote>\n<p><strong><span id=\"OBJ_PREFIX_DWT877_com_zimbra_date\" class=\"Object\"><span id=\"OBJ_PREFIX_DWT908_com_zimbra_date\" class=\"Object\">11, 12 et 13 septembre 2015<\/span><\/span>\u00a0|\u00a0Nancy<\/strong><\/p>\n<p><strong>Le stand des Sciences sur la Place soufflera cette ann\u00e9e sa 10e bougie\u00a0!!<\/strong><\/p>\n<p>Devenu un rendez-vous incontournable, le stand <strong>\u00ab\u00a0<a href=\"http:\/\/www.sciencesurlaplace.fr\/\">Les sciences sur la Place<\/a>\u00a0\u00bb<\/strong> se tiendra pour la 10<sup class=\"typo_exposants\">e<\/sup> ann\u00e9e cons\u00e9cutive sur la place de la Carri\u00e8re \u00e0 Nancy lors du grand salon de rentr\u00e9e litt\u00e9raire <strong><a class=\"spip_out\" href=\"http:\/\/www.lelivresurlaplace.fr\/\" rel=\"external\">\u00ab\u00a0Le livre sur la place\u00a0\u00bb<\/a>.\u00a0<\/strong>Au programme : <a href=\"http:\/\/www.sciencesurlaplace.fr\/spip.php?article348\" target=\"_blank\">causeries scientifiques<\/a>, <a href=\"http:\/\/www.sciencesurlaplace.fr\/spip.php?article349\" target=\"_blank\">rencontres et d\u00e9dicaces avec les auteurs<\/a>, <a href=\"http:\/\/www.sciencesurlaplace.fr\/spip.php?article350\" target=\"_blank\">animations scolaires<\/a>.<\/p>\n<blockquote><p><b><b>Pourquoi la solution du probl\u00e8me de Navier-Stokes vaut-elle un million de dollars ?<\/b>\u00a0\u00a0<\/b><\/p><\/blockquote>\n<p><b><br \/>\nMercredi\u00a016 septembre\u00a0 \u00e0 20h30\u00a0<\/b><strong>|\u00a0<\/strong><b>amphi Bott\u00e9 de l&rsquo;IUT Nancy-Charlemagne <\/b><\/p>\n<p>R\u00e9sum\u00e9\u00a0 : Les \u00e9quations de Navier-Stokes ont \u00e9t\u00e9 \u00e9crites au milieu du 19\u00e8me si\u00e8cle pour d\u00e9crire le mouvement de fluides incompressibles (comme l&rsquo;eau par exemple). Ces \u00e9quations, et des mod\u00e8les bas\u00e9s sur celles-ci, sont utilis\u00e9es couramment pour d\u00e9crire de nombreux ph\u00e9nom\u00e8nes physiques, de l&rsquo;\u00e9coulement d&rsquo;un fleuve \u00e0 l&rsquo;atmosph\u00e8re terrestre en passant par l&rsquo;eau dans un verre. En revanche leur r\u00e9solution reste un probl\u00e8me ouvert, l&rsquo;un des sept \u00ab\u00a0probl\u00e8mes du Mill\u00e9naire\u00a0\u00bb propos\u00e9s en 2000 par la Fondation Clay. Nous pr\u00e9senterons dans cet expos\u00e9 les \u00e9tapes principales qui jalonnent l&rsquo;histoire (encore inachev\u00e9e) de la r\u00e9solution de ces \u00e9quations<\/p>\n<p>Conf\u00e9renci\u00e8re : <b>Isabelle Gallagher, p<\/b>rofesseure \u00e0 l&rsquo;Universit\u00e9 Paris 7<\/p>\n<p><em>Le cycle &lsquo;Sciences et soci\u00e9t\u00e9\u00a0\u00bb est oraganis\u00e9 par l&rsquo;IUT Nancy-Charlemagne, l&rsquo;Institut Elie Cartan de Lorraine, la F\u00e9d\u00e9ration Charles Hermite,\u00a0avec le soutien de l&rsquo;Universit\u00e9 de Lorraine, la R\u00e9gion Lorraine, Inria Nancy-Grand Est et Cap&rsquo;Maths<\/em><\/p>\n<blockquote><p><span class=\"field-content\"><span class=\"field-content\"><strong><span id=\"OBJ_PREFIX_DWT877_com_zimbra_date\" class=\"Object\"><span id=\"OBJ_PREFIX_DWT908_com_zimbra_date\" class=\"Object\">Nuit des chercheurs<\/span><\/span><\/strong><\/span><\/span><\/p><\/blockquote>\n<p><span class=\"field-content\"><span class=\"field-content\"><strong><span id=\"OBJ_PREFIX_DWT877_com_zimbra_date\" class=\"Object\"><span id=\"OBJ_PREFIX_DWT908_com_zimbra_date\" class=\"Object\">Vendredi 25 septembre 2015<\/span><\/span> de 18h \u00e0 23h | Metz<\/strong><\/span><\/span><\/p>\n<div class=\"views-field views-field-field-image\">\n<div class=\"field-content\"><span id=\"OBJ_PREFIX_DWT878_com_zimbra_url\" class=\"Object\"><span id=\"OBJ_PREFIX_DWT909_com_zimbra_url\" class=\"Object-hover\"><a href=\"http:\/\/factuel.univ-lorraine.fr\/node\/3157\" target=\"_blank\"><img loading=\"lazy\" decoding=\"async\" src=\"http:\/\/factuel.univ-lorraine.fr\/sites\/factuel.univ-lorraine.fr\/files\/styles\/vignettes-archives\/public\/field\/image\/2015\/08\/capture_decran_2015-08-26_a_19.42.38.png?itok=i2kcUrCu\" alt=\"\" width=\"100\" height=\"100\" \/><\/a><\/span><\/span><\/div>\n<\/div>\n<div class=\"views-field views-field-body\"><span class=\"field-content\"><span class=\"field-content\"><strong>UNE SOIR\u00c9E.<\/strong>\u00a0Jeux de lumi\u00e8re <\/span><\/span>et sc\u00e9nographie con\u00e7us pour la soir\u00e9e : la Nuit europ\u00e9enne des chercheurs est le cadre id\u00e9al pour rencontrer les chercheurs de mani\u00e8re conviviale et informelle. Pour la 3e ann\u00e9e, l\u2019\u00e9v\u00e9nement colonise les espaces du Th\u00e9\u00e2tre du Saulcy, de la Maison de l\u2019\u00e9tudiant et d\u2019une yourte \u00e9ph\u00e9m\u00e8re.<\/div>\n<p><strong>DES CHERCHEURS ? M\u00caME PAS PEUR.<\/strong>\u00a0Ils sont nombreux \u00e0 repousser les fronti\u00e8res du savoir. Grands classiques ou sujets surprenants, les chercheurs sont partout : st\u00e9r\u00e9otypes, publicit\u00e9 au cin\u00e9ma, immersion 3D, privation de libert\u00e9, \u00e9nergies fossiles&#8230; Munis d\u2019objets issus des laboratoires\u202f-\u202f\u00e9chantillons, outils, images, \u00e9tudes\u202f-\u202fils partagent leurs travaux avec un discours accessible.<\/p>\n<p><strong>UN PROGRAMME.<\/strong>\u00a015 th\u00e8mes de recherche, 30 chercheurs, 5h de d\u00e9couvertes. <a href=\"https:\/\/www.univ-lorraine.fr\/sites\/www.univ-lorraine.fr\/files\/field\/file\/2015\/08\/programme_ndc_2015_-_web.pdf\">Consultez le programme\u00a0<\/a><\/p>\n<div class=\"views-row views-row-4 clearfix rubrique-4\">\n<blockquote>\n<div class=\"views-field views-field-body\"><strong><span class=\"field-content\"><span id=\"OBJ_PREFIX_DWT880_com_zimbra_url\" class=\"Object\"><span id=\"OBJ_PREFIX_DWT911_com_zimbra_url\" class=\"Object\">La Grande exp\u00e9rience participative &#8211; Nuit europ\u00e9enne des chercheurs<\/span><\/span><\/span><\/strong><\/div>\n<\/blockquote>\n<\/div>\n<div class=\"views-row views-row-5 clearfix rubrique-4\">\n<div class=\"views-field views-field-field-date\">\n<div class=\"field-content rubrique-4\"><strong><span class=\"date-display-single\"><span id=\"OBJ_PREFIX_DWT881_com_zimbra_date\" class=\"Object\"><span id=\"OBJ_PREFIX_DWT912_com_zimbra_date\" class=\"Object-hover\">Vendredi 25 septembre 2015<\/span><\/span> de 18h \u00e0 23h | Metz<\/span><\/strong><\/div>\n<\/div>\n<div class=\"views-field views-field-field-image\"><\/div>\n<div class=\"views-field views-field-body\">\n<div class=\"views-field views-field-field-image\">\n<div class=\"field-content\"><span id=\"OBJ_PREFIX_DWT882_com_zimbra_url\" class=\"Object\"><span id=\"OBJ_PREFIX_DWT913_com_zimbra_url\" class=\"Object\"><a href=\"http:\/\/factuel.univ-lorraine.fr\/node\/3158\" target=\"_blank\"><img loading=\"lazy\" decoding=\"async\" src=\"http:\/\/factuel.univ-lorraine.fr\/sites\/factuel.univ-lorraine.fr\/files\/styles\/vignettes-archives\/public\/field\/image\/2015\/08\/capture_decran_2015-08-26_a_19.48.46.png?itok=9NSA66YF\" alt=\"\" width=\"100\" height=\"100\" \/><\/a><\/span><\/span><\/div>\n<\/div>\n<div class=\"views-field views-field-body\"><span class=\"field-content\">Pour ses 10 ans, la Nuit europ\u00e9enne des chercheurs lance un d\u00e9fi national : mener, ensemble, l\u2019une des plus grandes exp\u00e9riences participatives au monde, en simultan\u00e9 dans les onze villes de France participant \u00e0 l\u2019\u00e9v\u00e9nement.<\/span><\/div>\n<p><span class=\"field-content\"> <a href=\"http:\/\/factuel.univ-lorraine.fr\/node\/3158\" target=\"_blank\">Plus d&rsquo;infos<\/a><\/span><\/p>\n<\/div>\n<\/div>\n<div class=\"views-field views-field-body\"><\/div>\n<div class=\"views-field views-field-body\"><\/div>\n<div class=\"views-field views-field-body\">\n<div class=\"views-field views-field-field-date\">\n<blockquote>\n<div class=\"field-content rubrique-4\"><strong><span class=\"field-content\"><span id=\"OBJ_PREFIX_DWT883_com_zimbra_url\" class=\"Object\"><span id=\"OBJ_PREFIX_DWT914_com_zimbra_url\" class=\"Object\">Ego Divina : Performance-hommage \u00e0 Pierre Molinier<\/span><\/span><\/span><\/strong><\/div>\n<\/blockquote>\n<div class=\"field-content rubrique-4\"><\/div>\n<div class=\"field-content rubrique-4\"><strong><span class=\"date-display-single\"><span id=\"OBJ_PREFIX_DWT884_com_zimbra_date\" class=\"Object\"><span id=\"OBJ_PREFIX_DWT915_com_zimbra_date\" class=\"Object\">Vendredi 25 septembre 2015<\/span><\/span> de 22h30 \u00e0 23h | Metz<\/span><\/strong><\/div>\n<\/div>\n<div class=\"views-field views-field-field-image\"><\/div>\n<div class=\"views-field views-field-body\">\n<div class=\"views-field views-field-field-image\">\n<div class=\"field-content\"><span id=\"OBJ_PREFIX_DWT885_com_zimbra_url\" class=\"Object\"><span id=\"OBJ_PREFIX_DWT916_com_zimbra_url\" class=\"Object\"><a href=\"http:\/\/factuel.univ-lorraine.fr\/node\/3156\" target=\"_blank\"><img loading=\"lazy\" decoding=\"async\" src=\"http:\/\/factuel.univ-lorraine.fr\/sites\/factuel.univ-lorraine.fr\/files\/styles\/vignettes-archives\/public\/field\/image\/2015\/08\/capture_decran_2015-08-26_a_19.35.43.png?itok=1joiOl_g\" alt=\"\" width=\"100\" height=\"100\" \/><\/a><\/span><\/span><\/div>\n<\/div>\n<div class=\"views-field views-field-body\"><span class=\"field-content\"><em>Cr\u00e9ature f\u00e9tiche et infinie, aussi artificielle qu\u2019authentique, cherche spectateurs pour performance autour de l\u2019univers de Pierre Molinier &#8211; peintre, photographe et Ma\u00eetre de la v\u00e9rit\u00e9 (1900-1976).<\/em> L\u2019\u0153uvre de Pierre Molinier fait l\u2019objet de multiples r\u00e9interpr\u00e9tations contemporaines, notamment dans le milieu queer. En regard d\u2019un travail de th\u00e8se en cours sur ce ph\u00e9nom\u00e8ne, la Nuit europ\u00e9enne des chercheurs invite Anthony Marquelet, artiste et performer nanc\u00e9ien, \u00e0 rejoindre une doctorante sur sc\u00e8ne afin de revisiter quelques grandes \u0153uvres de Pierre Molinier et d\u2019explorer la dimension mystique de son travail. Au public d\u2019imaginer ces \u0153uvres originales, sans les montrer. <\/span><\/div>\n<p><span class=\"field-content\"> <a href=\"http:\/\/factuel.univ-lorraine.fr\/node\/3156\" target=\"_blank\">Plus d&rsquo;infos<\/a><\/span><\/p>\n<\/div>\n<div class=\"views-field views-field-body\"><\/div>\n<\/div>\n<div class=\"views-field views-field-body\">\n<blockquote>\n<div class=\"views-field views-field-body\"><strong><span class=\"field-content\"><span id=\"OBJ_PREFIX_DWT886_com_zimbra_url\" class=\"Object\"><span id=\"OBJ_PREFIX_DWT917_com_zimbra_url\" class=\"Object\">Ces animaux qu\u2019on mange \/ Exposition<\/span><\/span><\/span><\/strong><\/div>\n<\/blockquote>\n<div class=\"views-field views-field-body\">\n<div class=\"views-row views-row-1 clearfix rubrique-1178\">\n<div class=\"views-field views-field-field-date\">\n<div class=\"field-content rubrique-1178\"><span class=\"date-display-start\"><span id=\"OBJ_PREFIX_DWT887_com_zimbra_date\" class=\"Object\"><span id=\"OBJ_PREFIX_DWT918_com_zimbra_date\" class=\"Object\">Jusqu&rsquo;au\u00a0<\/span><\/span><\/span><span class=\"date-display-end\"><span id=\"OBJ_PREFIX_DWT888_com_zimbra_date\" class=\"Object\"><span id=\"OBJ_PREFIX_DWT919_com_zimbra_date\" class=\"Object\">3 janvier 2016<\/span><\/span> | Mus\u00e9e Aquarium | Nancy<br \/>\n<\/span><\/div>\n<\/div>\n<div class=\"views-field views-field-field-image\">\n<div class=\"field-content\"><span id=\"OBJ_PREFIX_DWT889_com_zimbra_url\" class=\"Object\"><span id=\"OBJ_PREFIX_DWT920_com_zimbra_url\" class=\"Object-hover\"><a href=\"http:\/\/factuel.univ-lorraine.fr\/node\/2609\" target=\"_blank\"><img loading=\"lazy\" decoding=\"async\" src=\"http:\/\/factuel.univ-lorraine.fr\/sites\/factuel.univ-lorraine.fr\/files\/styles\/vignettes-archives\/public\/field\/image\/2015\/03\/animaux.png?itok=_tuIc41Z\" alt=\"Affiche de l'exposition \" width=\"100\" height=\"100\" \/><\/a><\/span><\/span><\/div>\n<\/div>\n<div class=\"views-field views-field-body\"><span class=\"field-content\">Manger ou ne pas manger de la viande\u00a0? C\u2019est \u00e0 cette question tout \u00e0 la fois personnelle et soci\u00e9tale que l\u2019exposition Ces animaux qu\u2019on mange\u2026 s\u2019int\u00e9resse. La consommation de viande\u2026 et de poisson est associ\u00e9e \u00e0 de multiples dimensions\u00a0: gastronomie, labels alimentaires, nutrition, sant\u00e9 publique&#8230; <a href=\"http:\/\/factuel.univ-lorraine.fr\/node\/2609\" target=\"_blank\">Plus d&rsquo;infos<\/a><\/span><\/div>\n<\/div>\n<div class=\"views-field views-field-body\"><\/div>\n<div class=\"views-field views-field-body\">\n<div class=\"views-row views-row-1 clearfix rubrique-1178\">\n<blockquote>\n<div class=\"views-field views-field-body\"><strong><span class=\"field-content\"><span id=\"OBJ_PREFIX_DWT890_com_zimbra_url\" class=\"Object\"><span id=\"OBJ_PREFIX_DWT921_com_zimbra_url\" class=\"Object\">L&rsquo;\u00e2ge du faire &#8211; exposition<\/span><\/span><\/span><\/strong><\/div>\n<\/blockquote>\n<\/div>\n<div class=\"views-row views-row-2 clearfix rubrique-1178\">\n<div class=\"views-field views-field-field-date\">\n<div class=\"field-content rubrique-1178\"><span class=\"date-display-start\"><span id=\"OBJ_PREFIX_DWT891_com_zimbra_date\" class=\"Object\"><span id=\"OBJ_PREFIX_DWT922_com_zimbra_date\" class=\"Object\">Jusqu&rsquo;au<\/span><\/span><\/span><span class=\"date-display-end\"><span id=\"OBJ_PREFIX_DWT892_com_zimbra_date\" class=\"Object\"><span id=\"OBJ_PREFIX_DWT923_com_zimbra_date\" class=\"Object\">\u00a03 janvier 2016<\/span><\/span> | Jarville<br \/>\n<\/span><\/div>\n<\/div>\n<div class=\"views-field views-field-field-image\">\n<div class=\"field-content\"><span id=\"OBJ_PREFIX_DWT893_com_zimbra_url\" class=\"Object\"><span id=\"OBJ_PREFIX_DWT924_com_zimbra_url\" class=\"Object-hover\"><a href=\"http:\/\/factuel.univ-lorraine.fr\/node\/2865\" target=\"_blank\"><img loading=\"lazy\" decoding=\"async\" src=\"http:\/\/factuel.univ-lorraine.fr\/sites\/factuel.univ-lorraine.fr\/files\/styles\/vignettes-archives\/public\/field\/image\/2015\/05\/museefer-affiche-web-def.png?itok=sjKyTBej\" alt=\"\" width=\"100\" height=\"100\" \/><\/a><\/span><\/span><\/div>\n<\/div>\n<div class=\"views-field views-field-body\"><span class=\"field-content\">Vers 500 avant J.-C., la fabrication du fer se diffuse en Lorraine, et les objets en fer se multiplient. C\u2019est notamment le cas \u00e0 la Cit\u00e9 d\u2019Afrique, un site arch\u00e9ologique majeur situ\u00e9 entre Ludres et Messein. Les fouilles effectu\u00e9es sur ce site permettent de comprendre les techniques de production&#8230; <a href=\"http:\/\/factuel.univ-lorraine.fr\/node\/2865\" target=\"_blank\">Plus d&rsquo;infos<\/a><\/span><\/div>\n<\/div>\n<\/div>\n<\/div>\n<\/div>\n<div class=\"views-field views-field-body\"><\/div>\n","protected":false},"excerpt":{"rendered":"<p>La\u00a0culture scientifique fait elle aussi sa rentr\u00e9e en Lorraine et il y en a pour tous les go\u00fbts et tous les publics : profanes, curieux de science, scolaires, familles,\u00a0citoyens,\u2026\u00a0! Voici donc quelques dates et manifestations \u00e0 retenir\u2026 Les sciences sur la Place 11, 12 et 13 septembre 2015\u00a0|\u00a0Nancy Le stand des Sciences sur la Place &hellip; <\/p>\n<p><a class=\"more-link btn\" href=\"https:\/\/iww.inria.fr\/NanSciNum\/culture-scientifique-en-lorraine-souriez-cest-la-rentree\/\">Lire la suite<\/a><\/p>\n","protected":false},"author":624,"featured_media":1610,"comment_status":"open","ping_status":"closed","sticky":false,"template":"","format":"standard","meta":{"footnotes":""},"categories":[15,17,9,57,10,53],"tags":[],"class_list":["post-1600","post","type-post","status-publish","format-standard","has-post-thumbnail","hentry","category-actualites","category-pour-le-grand-public","category-pour-les-collegiens","category-pour-les-doctorants","category-pour-les-lyceens","category-pour-les-profs","item-wrap"],"_links":{"self":[{"href":"https:\/\/iww.inria.fr\/NanSciNum\/wp-json\/wp\/v2\/posts\/1600","targetHints":{"allow":["GET"]}}],"collection":[{"href":"https:\/\/iww.inria.fr\/NanSciNum\/wp-json\/wp\/v2\/posts"}],"about":[{"href":"https:\/\/iww.inria.fr\/NanSciNum\/wp-json\/wp\/v2\/types\/post"}],"author":[{"embeddable":true,"href":"https:\/\/iww.inria.fr\/NanSciNum\/wp-json\/wp\/v2\/users\/624"}],"replies":[{"embeddable":true,"href":"https:\/\/iww.inria.fr\/NanSciNum\/wp-json\/wp\/v2\/comments?post=1600"}],"version-history":[{"count":11,"href":"https:\/\/iww.inria.fr\/NanSciNum\/wp-json\/wp\/v2\/posts\/1600\/revisions"}],"predecessor-version":[{"id":1612,"href":"https:\/\/iww.inria.fr\/NanSciNum\/wp-json\/wp\/v2\/posts\/1600\/revisions\/1612"}],"wp:featuredmedia":[{"embeddable":true,"href":"https:\/\/iww.inria.fr\/NanSciNum\/wp-json\/wp\/v2\/media\/1610"}],"wp:attachment":[{"href":"https:\/\/iww.inria.fr\/NanSciNum\/wp-json\/wp\/v2\/media?parent=1600"}],"wp:term":[{"taxonomy":"category","embeddable":true,"href":"https:\/\/iww.inria.fr\/NanSciNum\/wp-json\/wp\/v2\/categories?post=1600"},{"taxonomy":"post_tag","embeddable":true,"href":"https:\/\/iww.inria.fr\/NanSciNum\/wp-json\/wp\/v2\/tags?post=1600"}],"curies":[{"name":"wp","href":"https:\/\/api.w.org\/{rel}","templated":true}]}}